{"id":7334,"date":"2016-07-25T21:07:29","date_gmt":"2016-07-25T20:07:29","guid":{"rendered":"http:\/\/fcliege.be\/fr\/?p=7334"},"modified":"2016-07-27T14:34:02","modified_gmt":"2016-07-27T13:34:02","slug":"reprise-tout-le-monde-au-poste","status":"publish","type":"post","link":"https:\/\/fcliege.be\/fr\/reprise-tout-le-monde-au-poste\/","title":{"rendered":"Reprise : tout le monde au poste ! (+ web-tv update)"},"content":{"rendered":"<p>Apr\u00e8s un break de quinze jours, Dante Brogno avait fix\u00e9 rendez-vous \u00e0 ses prot\u00e9g\u00e9s ce lundi \u00e0 18h30 \u00e0 Rocourt, pour entamer la \u00ab\u00a0vraie\u00a0\u00bb pr\u00e9paration de la saison.<\/p>\n<p>L&rsquo;ensemble du groupe \u00e9tait fid\u00e8le au poste, avec notamment le retour remarqu\u00e9 de Simon Ligot, qui, s&rsquo;il doit encore se contenter actuellement d&rsquo;exercices simples, entrevoit enfin le bout du tunnel : une excellente nouvelle, assur\u00e9ment, et l&rsquo;on croise les doigts pour que notre droitier retrouve au plus vite toutes ses sensations.<\/p>\n<p><a href=\"https:\/\/fcliege.be\/fr\/wp-content\/uploads\/2016\/07\/RFC-Liege-1er-Entrainement-25-07-2016-48.jpg\"><img decoding=\"async\" loading=\"lazy\" class=\"aligncenter size-medium wp-image-7335\" src=\"https:\/\/fcliege.be\/fr\/wp-content\/uploads\/2016\/07\/RFC-Liege-1er-Entrainement-25-07-2016-48-300x199.jpg\" alt=\"CP RFC Liege, D.Brogno, 1-6-2016\" width=\"300\" height=\"199\" srcset=\"https:\/\/fcliege.be\/fr\/wp-content\/uploads\/2016\/07\/RFC-Liege-1er-Entrainement-25-07-2016-48-300x199.jpg 300w, https:\/\/fcliege.be\/fr\/wp-content\/uploads\/2016\/07\/RFC-Liege-1er-Entrainement-25-07-2016-48-1024x682.jpg 1024w\" sizes=\"(max-width: 300px) 100vw, 300px\" \/><\/a><\/p>\n<p>Cette premi\u00e8re s\u00e9ance \u00e0 Rocourt fut tr\u00e8s intense, alors que le noyau s&rsquo;entra\u00eenera sur le terrain de Longchamps \u00e0 Waremme le reste de la semaine, avant le prochain match amical, fix\u00e9 \u00e0 ce dimanche \u00e0 Stockay (16h00).<\/p>\n<p>Vingt-et-un joueurs \u00e9taient au rendez-vous ce lundi : Dengis, Matthys, Audoor, Masset, Vandebon, Ligot, Winandts, D&rsquo;Ostilio, Teruel, Dethier, Jiyar, Dufer, Fondaire, Lwangi, Mauclet, Lannoy, Bruggeman, Massa, Lambrecth, Dheur et Henke.<\/p>\n<p><a href=\"https:\/\/fcliege.be\/fr\/wp-content\/uploads\/2016\/07\/RFC-Liege-1er-Entrainement-25-07-2016-12.jpg\"><img decoding=\"async\" loading=\"lazy\" class=\"aligncenter size-medium wp-image-7337\" src=\"https:\/\/fcliege.be\/fr\/wp-content\/uploads\/2016\/07\/RFC-Liege-1er-Entrainement-25-07-2016-12-300x200.jpg\" alt=\"CP RFC Liege, D.Brogno, 1-6-2016\" width=\"300\" height=\"200\" srcset=\"https:\/\/fcliege.be\/fr\/wp-content\/uploads\/2016\/07\/RFC-Liege-1er-Entrainement-25-07-2016-12-300x200.jpg 300w, https:\/\/fcliege.be\/fr\/wp-content\/uploads\/2016\/07\/RFC-Liege-1er-Entrainement-25-07-2016-12-1024x682.jpg 1024w\" sizes=\"(max-width: 300px) 100vw, 300px\" \/><\/a><a href=\"https:\/\/fcliege.be\/fr\/wp-content\/uploads\/2016\/07\/RFC-Liege-1er-Entrainement-25-07-2016-45.jpg\"><img decoding=\"async\" loading=\"lazy\" class=\"aligncenter size-medium wp-image-7338\" src=\"https:\/\/fcliege.be\/fr\/wp-content\/uploads\/2016\/07\/RFC-Liege-1er-Entrainement-25-07-2016-45-300x200.jpg\" alt=\"CP RFC Liege, D.Brogno, 1-6-2016\" width=\"300\" height=\"200\" srcset=\"https:\/\/fcliege.be\/fr\/wp-content\/uploads\/2016\/07\/RFC-Liege-1er-Entrainement-25-07-2016-45-300x200.jpg 300w, https:\/\/fcliege.be\/fr\/wp-content\/uploads\/2016\/07\/RFC-Liege-1er-Entrainement-25-07-2016-45-1024x682.jpg 1024w\" sizes=\"(max-width: 300px) 100vw, 300px\" \/><\/a><a href=\"https:\/\/fcliege.be\/fr\/wp-content\/uploads\/2016\/07\/RFC-Liege-1er-Entrainement-25-07-2016-39.jpg\"><img decoding=\"async\" loading=\"lazy\" class=\"aligncenter size-medium wp-image-7341\" src=\"https:\/\/fcliege.be\/fr\/wp-content\/uploads\/2016\/07\/RFC-Liege-1er-Entrainement-25-07-2016-39-300x200.jpg\" alt=\"CP RFC Liege, D.Brogno, 1-6-2016\" width=\"300\" height=\"200\" srcset=\"https:\/\/fcliege.be\/fr\/wp-content\/uploads\/2016\/07\/RFC-Liege-1er-Entrainement-25-07-2016-39-300x200.jpg 300w, https:\/\/fcliege.be\/fr\/wp-content\/uploads\/2016\/07\/RFC-Liege-1er-Entrainement-25-07-2016-39-1024x682.jpg 1024w\" sizes=\"(max-width: 300px) 100vw, 300px\" \/><\/a><\/p>\n<p>Cr\u00e9dit photos : Micka\u00ebl Marquet.<\/p>\n<p>En couverture : nos transferts (Jiyar, Bruggeman, Lannoy, Mauclet, Lambrecth, Dufer et Massa).<\/p>\n<p>Voici \u00e9galement des images de cet entra\u00eenement, avec une interview de Gr\u00e9gory Dufer et une rapide pr\u00e9sentation des nouvelles t\u00eates du noyau :<\/p>\n<p><iframe loading=\"lazy\" width=\"960\" height=\"540\" src=\"https:\/\/www.youtube.com\/embed\/n27d5maKG-o?feature=oembed\" frameborder=\"0\" allowfullscreen><\/iframe><\/p>\n","protected":false},"excerpt":{"rendered":"<p>Apr\u00e8s un break de quinze jours, Dante Brogno avait fix\u00e9 rendez-vous \u00e0 ses prot\u00e9g\u00e9s ce lundi \u00e0 18h30 \u00e0 Rocourt, pour entamer la \u00ab\u00a0vraie\u00a0\u00bb pr\u00e9paration de la saison. L&rsquo;ensemble du groupe \u00e9tait fid\u00e8le au poste, avec notamment le retour remarqu\u00e9 de Simon Ligot, qui, s&rsquo;il doit encore se contenter actuellement d&rsquo;exercices simples, entrevoit enfin le [&hellip;]<\/p>\n","protected":false},"author":5,"featured_media":7339,"comment_status":"closed","ping_status":"closed","sticky":false,"template":"","format":"standard","meta":{"iawp_total_views":2},"categories":[24,26],"tags":[],"_links":{"self":[{"href":"https:\/\/fcliege.be\/fr\/wp-json\/wp\/v2\/posts\/7334"}],"collection":[{"href":"https:\/\/fcliege.be\/fr\/wp-json\/wp\/v2\/posts"}],"about":[{"href":"https:\/\/fcliege.be\/fr\/wp-json\/wp\/v2\/types\/post"}],"author":[{"embeddable":true,"href":"https:\/\/fcliege.be\/fr\/wp-json\/wp\/v2\/users\/5"}],"replies":[{"embeddable":true,"href":"https:\/\/fcliege.be\/fr\/wp-json\/wp\/v2\/comments?post=7334"}],"version-history":[{"count":7,"href":"https:\/\/fcliege.be\/fr\/wp-json\/wp\/v2\/posts\/7334\/revisions"}],"predecessor-version":[{"id":7354,"href":"https:\/\/fcliege.be\/fr\/wp-json\/wp\/v2\/posts\/7334\/revisions\/7354"}],"wp:featuredmedia":[{"embeddable":true,"href":"https:\/\/fcliege.be\/fr\/wp-json\/wp\/v2\/media\/7339"}],"wp:attachment":[{"href":"https:\/\/fcliege.be\/fr\/wp-json\/wp\/v2\/media?parent=7334"}],"wp:term":[{"taxonomy":"category","embeddable":true,"href":"https:\/\/fcliege.be\/fr\/wp-json\/wp\/v2\/categories?post=7334"},{"taxonomy":"post_tag","embeddable":true,"href":"https:\/\/fcliege.be\/fr\/wp-json\/wp\/v2\/tags?post=7334"}],"curies":[{"name":"wp","href":"https:\/\/api.w.org\/{rel}","templated":true}]}}