{"id":7350,"date":"2016-07-26T14:29:17","date_gmt":"2016-07-26T13:29:17","guid":{"rendered":"http:\/\/fcliege.be\/fr\/?p=7350"},"modified":"2016-07-26T14:29:17","modified_gmt":"2016-07-26T13:29:17","slug":"la-pro-league-adresse-ses-condoleances","status":"publish","type":"post","link":"https:\/\/fcliege.be\/fr\/la-pro-league-adresse-ses-condoleances\/","title":{"rendered":"La Pro League adresse ses condol\u00e9ances"},"content":{"rendered":"<p>L&rsquo;annonce du d\u00e9c\u00e8s de Monsieur Joseph Paul a \u00e9mu tous les sympathisants du matricule 4, mais pas seulement.<\/p>\n<p>Nous tenons ainsi \u00e0 vous faire partager ce message adress\u00e9 au club et \u00e9manant de Monsieur Pierre Fran\u00e7ois, CEO\u00a0de la Pro League :<\/p>\n<div id=\"yui_3_16_0_ym19_1_1469539132012_4816\">\n<p id=\"yui_3_16_0_ym19_1_1469539132012_4815\" class=\"yiv0722389770MsoNormal\"><em>\u00ab\u00a0Nous avons appris par la presse le d\u00e9c\u00e8s de Mr Joseph Paul.<\/em><\/p>\n<\/div>\n<div id=\"yui_3_16_0_ym19_1_1469539132012_4818\">\n<p id=\"yui_3_16_0_ym19_1_1469539132012_4817\" class=\"yiv0722389770MsoNormal\"><em>Comme sa famille l\u2019a indiqu\u00e9 en lettres grasses sur son faire-part de d\u00e9c\u00e8s, Mr Joseph Paul, en sa qualit\u00e9 de Secr\u00e9taire-G\u00e9n\u00e9ral du matricule 4, a \u00e9t\u00e9 un des fondateurs de la Ligue Professionnelle (aujourd\u2019hui d\u00e9nomm\u00e9e \u00ab\u00a0Pro League\u00a0\u00bb). Il vient ainsi de rejoindre d\u2019autres figures embl\u00e9matiques du football belge, comme Constant Vanden Stock ou Roger Petit.<\/em><\/p>\n<\/div>\n<div id=\"yui_3_16_0_ym19_1_1469539132012_4820\">\n<p id=\"yui_3_16_0_ym19_1_1469539132012_4819\" class=\"yiv0722389770MsoNormal\"><em>Nous adressons \u00e0 toute la grande famille du RFC Li\u00e8ge nos plus sinc\u00e8res condol\u00e9ances, en sachant que le souvenir d\u2019anciens exploits conduits sous la direction du d\u00e9funt pourra inspirer la nouvelle g\u00e9n\u00e9ration sang et marine.<\/em><\/p>\n<\/div>\n<div id=\"yui_3_16_0_ym19_1_1469539132012_5875\">\n<p id=\"yui_3_16_0_ym19_1_1469539132012_5874\" class=\"yiv0722389770MsoNormal\"><em>\u00a0<\/em><\/p>\n<\/div>\n<div id=\"yui_3_16_0_ym19_1_1469539132012_4823\">\n<p id=\"yui_3_16_0_ym19_1_1469539132012_5887\" class=\"yiv0722389770MsoNormal\"><em>Cordiales salutations sportives<\/em>.<\/p>\n<div id=\"yui_3_16_0_ym19_1_1469539132012_4827\">\n<div id=\"yui_3_16_0_ym19_1_1469539132012_5889\">\n<p id=\"yui_3_16_0_ym19_1_1469539132012_5888\" class=\"yiv0722389770MsoNormal\"><b><br \/>\nPierre Fran\u00e7ois<br \/>\n<\/b>CEO Pro League\u00a0\u00bb<\/p>\n<\/div>\n<\/div>\n<\/div>\n","protected":false},"excerpt":{"rendered":"<p>L&rsquo;annonce du d\u00e9c\u00e8s de Monsieur Joseph Paul a \u00e9mu tous les sympathisants du matricule 4, mais pas seulement. Nous tenons ainsi \u00e0 vous faire partager ce message adress\u00e9 au club et \u00e9manant de Monsieur Pierre Fran\u00e7ois, CEO\u00a0de la Pro League : \u00ab\u00a0Nous avons appris par la presse le d\u00e9c\u00e8s de Mr Joseph Paul. Comme sa [&hellip;]<\/p>\n","protected":false},"author":5,"featured_media":7351,"comment_status":"closed","ping_status":"closed","sticky":false,"template":"","format":"standard","meta":{"iawp_total_views":1},"categories":[24],"tags":[],"_links":{"self":[{"href":"https:\/\/fcliege.be\/fr\/wp-json\/wp\/v2\/posts\/7350"}],"collection":[{"href":"https:\/\/fcliege.be\/fr\/wp-json\/wp\/v2\/posts"}],"about":[{"href":"https:\/\/fcliege.be\/fr\/wp-json\/wp\/v2\/types\/post"}],"author":[{"embeddable":true,"href":"https:\/\/fcliege.be\/fr\/wp-json\/wp\/v2\/users\/5"}],"replies":[{"embeddable":true,"href":"https:\/\/fcliege.be\/fr\/wp-json\/wp\/v2\/comments?post=7350"}],"version-history":[{"count":2,"href":"https:\/\/fcliege.be\/fr\/wp-json\/wp\/v2\/posts\/7350\/revisions"}],"predecessor-version":[{"id":7353,"href":"https:\/\/fcliege.be\/fr\/wp-json\/wp\/v2\/posts\/7350\/revisions\/7353"}],"wp:featuredmedia":[{"embeddable":true,"href":"https:\/\/fcliege.be\/fr\/wp-json\/wp\/v2\/media\/7351"}],"wp:attachment":[{"href":"https:\/\/fcliege.be\/fr\/wp-json\/wp\/v2\/media?parent=7350"}],"wp:term":[{"taxonomy":"category","embeddable":true,"href":"https:\/\/fcliege.be\/fr\/wp-json\/wp\/v2\/categories?post=7350"},{"taxonomy":"post_tag","embeddable":true,"href":"https:\/\/fcliege.be\/fr\/wp-json\/wp\/v2\/tags?post=7350"}],"curies":[{"name":"wp","href":"https:\/\/api.w.org\/{rel}","templated":true}]}}