{"id":7373,"date":"2016-07-31T18:48:39","date_gmt":"2016-07-31T17:48:39","guid":{"rendered":"http:\/\/fcliege.be\/fr\/?p=7373"},"modified":"2016-08-01T08:00:12","modified_gmt":"2016-08-01T07:00:12","slug":"enseignements-positifs-stockay-rfc-liege-3-3","status":"publish","type":"post","link":"https:\/\/fcliege.be\/fr\/enseignements-positifs-stockay-rfc-liege-3-3\/","title":{"rendered":"Enseignements positifs &#8211; Stockay-RFC Li\u00e8ge  3-3 (+ web-TV)"},"content":{"rendered":"<p>Dante Brogno a align\u00e9 deux \u00e9quipes diff\u00e9rentes en 1\u00e8re et 2\u00e8me mi-temps avec des enseignements positifs dans les deux cas : de nombreuses possibilit\u00e9s de but avant le repos et des jeunes volontaires et non d\u00e9nu\u00e9s de talent en seconde.<\/p>\n<p>La rencontre d\u00e9bute sur les chapeaux de roue : 1-0 pour Stockay \u00e0 la 5&prime; avec un but apparemment hors-jeu et 1-1 par Dufer une minute plus tard ! Apr\u00e8s deux tentatives de Jiyar, Mauclet donne l&rsquo;occasion \u00e0 Lambrecth de faire 1-2 \u00e0 la 22&prime;. Le m\u00eame Lambrecth, servi par Dufer, for\u00e7e un coup de coin puis sur une belle offensive men\u00e9e par Mauclet et Dheur, Dufer trouve le poteau. A la 40&prime;, sur un coup franc direct, les Hesbignons \u00e9galisent (2-2) et prennent l&rsquo;avance d\u00e8s la reprise \u00e0 la 51&prime; (3-2). Comme en 1\u00e8re mi-temps, Lwangi, d&rsquo;un tir extraordinaire, \u00e9galise dans la minute (3-3). La suite \u00a0est plut\u00f4t \u00e0 l&rsquo;avantage de nos sang et marine, notamment sous l&rsquo;impulsion de Bruggeman qui touche les deux poteaux sur un centre de Lwangi \u00e0 la 73&prime;. Une bonne reprise sur l&rsquo;excellente pelouse d&rsquo;une tr\u00e8s bonne \u00e9quipe de P1.<\/p>\n<p>1\u00e8re mi-temps : Dengis, Henke, Masset, Vandebon, D&rsquo;Ostilio, Teruel, Dufer, Jiyar, Mauclet, Dheur, Lambrecth<\/p>\n<p>2de mi-temps : Matthys, Audoor, Massa, Winandts, Deffet, Lannoy, Dethier, Fondaire, Lwangi, Loyaerts, Bruggeman<\/p>\n<p>Prochains rendez-vous : ce mercredi 03\/08 \u00e0 19h30 contre Hasselt \u00e0 Rocourt et dimanche 07\/08 \u00e0 16h \u00e0 Warnant en Coupe de Belgique.<\/p>\n<p>En Coupe de la Province (Ergo Cup), la P3 a \u00e9limin\u00e9 Wanze &#8211; Bas-Oha B sur le score de 8-0 !<\/p>\n<p><a href=\"https:\/\/fcliege.be\/fr\/wp-content\/uploads\/2016\/07\/dheur.jpg\"><img decoding=\"async\" loading=\"lazy\" class=\"aligncenter size-medium wp-image-7379\" src=\"https:\/\/fcliege.be\/fr\/wp-content\/uploads\/2016\/07\/dheur-300x198.jpg\" alt=\"dheur\" width=\"300\" height=\"198\" srcset=\"https:\/\/fcliege.be\/fr\/wp-content\/uploads\/2016\/07\/dheur-300x198.jpg 300w, https:\/\/fcliege.be\/fr\/wp-content\/uploads\/2016\/07\/dheur.jpg 960w\" sizes=\"(max-width: 300px) 100vw, 300px\" \/><\/a><a href=\"https:\/\/fcliege.be\/fr\/wp-content\/uploads\/2016\/07\/brugge.jpg\"><img decoding=\"async\" loading=\"lazy\" class=\"aligncenter size-medium wp-image-7380\" src=\"https:\/\/fcliege.be\/fr\/wp-content\/uploads\/2016\/07\/brugge-300x198.jpg\" alt=\"brugge\" width=\"300\" height=\"198\" srcset=\"https:\/\/fcliege.be\/fr\/wp-content\/uploads\/2016\/07\/brugge-300x198.jpg 300w, https:\/\/fcliege.be\/fr\/wp-content\/uploads\/2016\/07\/brugge.jpg 960w\" sizes=\"(max-width: 300px) 100vw, 300px\" \/><\/a><a href=\"https:\/\/fcliege.be\/fr\/wp-content\/uploads\/2016\/07\/rfcl.jpg\"><img decoding=\"async\" loading=\"lazy\" class=\"aligncenter size-medium wp-image-7381\" src=\"https:\/\/fcliege.be\/fr\/wp-content\/uploads\/2016\/07\/rfcl-300x198.jpg\" alt=\"rfcl\" width=\"300\" height=\"198\" srcset=\"https:\/\/fcliege.be\/fr\/wp-content\/uploads\/2016\/07\/rfcl-300x198.jpg 300w, https:\/\/fcliege.be\/fr\/wp-content\/uploads\/2016\/07\/rfcl.jpg 960w\" sizes=\"(max-width: 300px) 100vw, 300px\" \/><\/a>Cr\u00e9dit photos : Sang &amp; Marine.<\/p>\n<p>Les images de notre Web-TV et une interview de Dante Brogno :<\/p>\n<p><iframe loading=\"lazy\" width=\"960\" height=\"540\" src=\"https:\/\/www.youtube.com\/embed\/ymFXlHX8xvs?feature=oembed\" frameborder=\"0\" allowfullscreen><\/iframe><\/p>\n","protected":false},"excerpt":{"rendered":"<p>Dante Brogno a align\u00e9 deux \u00e9quipes diff\u00e9rentes en 1\u00e8re et 2\u00e8me mi-temps avec des enseignements positifs dans les deux cas : de nombreuses possibilit\u00e9s de but avant le repos et des jeunes volontaires et non d\u00e9nu\u00e9s de talent en seconde. La rencontre d\u00e9bute sur les chapeaux de roue : 1-0 pour Stockay \u00e0 la 5&prime; [&hellip;]<\/p>\n","protected":false},"author":4,"featured_media":7378,"comment_status":"closed","ping_status":"closed","sticky":false,"template":"","format":"standard","meta":{"iawp_total_views":0},"categories":[24,26],"tags":[],"_links":{"self":[{"href":"https:\/\/fcliege.be\/fr\/wp-json\/wp\/v2\/posts\/7373"}],"collection":[{"href":"https:\/\/fcliege.be\/fr\/wp-json\/wp\/v2\/posts"}],"about":[{"href":"https:\/\/fcliege.be\/fr\/wp-json\/wp\/v2\/types\/post"}],"author":[{"embeddable":true,"href":"https:\/\/fcliege.be\/fr\/wp-json\/wp\/v2\/users\/4"}],"replies":[{"embeddable":true,"href":"https:\/\/fcliege.be\/fr\/wp-json\/wp\/v2\/comments?post=7373"}],"version-history":[{"count":7,"href":"https:\/\/fcliege.be\/fr\/wp-json\/wp\/v2\/posts\/7373\/revisions"}],"predecessor-version":[{"id":7385,"href":"https:\/\/fcliege.be\/fr\/wp-json\/wp\/v2\/posts\/7373\/revisions\/7385"}],"wp:featuredmedia":[{"embeddable":true,"href":"https:\/\/fcliege.be\/fr\/wp-json\/wp\/v2\/media\/7378"}],"wp:attachment":[{"href":"https:\/\/fcliege.be\/fr\/wp-json\/wp\/v2\/media?parent=7373"}],"wp:term":[{"taxonomy":"category","embeddable":true,"href":"https:\/\/fcliege.be\/fr\/wp-json\/wp\/v2\/categories?post=7373"},{"taxonomy":"post_tag","embeddable":true,"href":"https:\/\/fcliege.be\/fr\/wp-json\/wp\/v2\/tags?post=7373"}],"curies":[{"name":"wp","href":"https:\/\/api.w.org\/{rel}","templated":true}]}}