{"id":7409,"date":"2016-08-04T11:55:00","date_gmt":"2016-08-04T10:55:00","guid":{"rendered":"http:\/\/fcliege.be\/fr\/?p=7409"},"modified":"2016-08-04T11:55:00","modified_gmt":"2016-08-04T10:55:00","slug":"teruel-un-bon-match-de-preparation","status":"publish","type":"post","link":"https:\/\/fcliege.be\/fr\/teruel-un-bon-match-de-preparation\/","title":{"rendered":"Teruel : \u00ab\u00a0Un bon match de pr\u00e9paration\u00a0\u00bb"},"content":{"rendered":"<p>Hier soir, au terme de ce beau succ\u00e8s face au Sporting Hasselt, nous avons recueilli les impressions de <strong>Sergio Teruel<\/strong> et d&rsquo;Emmanuel Massa.<\/p>\n<p>Pour le premier nomm\u00e9, le constat est positif.<\/p>\n<p><em>\u00ab\u00a0Cela s&rsquo;est bien pass\u00e9 ce soir. Tactiquement, nous \u00e9tions tr\u00e8s bien en place, m\u00eame si nous avons encore quelques r\u00e9glages d\u00e9fensifs \u00e0 effectuer. Au niveau de la circulation du ballon, c&rsquo;\u00e9tait bon, avec quelques belles combinaisons. Franchement, j&rsquo;estime que nous avons assist\u00e9 \u00e0 un bon match de pr\u00e9paration.\u00a0\u00bb<\/em><\/p>\n<p>Avec, d\u00e9j\u00e0, la touche perceptible du coach selon notre m\u00e9dian d\u00e9fensif, tr\u00e8s aff\u00fbt\u00e9 durant cette pr\u00e9paration.<\/p>\n<p><em>\u00ab\u00a0On sent clairement le travail effectu\u00e9 en ce qui concerne nos coulissements sur le terrain et c&rsquo;est de bon augure pour la suite.\u00a0\u00bb<\/em><\/p>\n<p>Oppos\u00e9 au solide Sidibe dans sa zone d\u00e9fensive, <strong>Emmanuel Massa<\/strong> s&rsquo;est montr\u00e9 intransigeant, mais il pointait quelques regrets, tout de m\u00eame.<\/p>\n<p><em>\u00ab\u00a0Nous avons fait un bon match, mais je ne suis pas pleinement satisfait de ma prestation, car mon adversaire direct, qui est tr\u00e8s fort en pivot, est tout de m\u00eame parvenu \u00e0 d\u00e9vier quelques ballons. Il a une grande exp\u00e9rience et cela se ressent.\u00a0\u00bb<\/em><\/p>\n<p>Tout se d\u00e9roule parfaitement pour notre nouveau d\u00e9fenseur depuis son arriv\u00e9e.<\/p>\n<p><em>\u00ab\u00a0Mon int\u00e9gration se passe tr\u00e8s bien. Elle est facilit\u00e9e par le fait que tout le vestiaire s&rsquo;exprime en fran\u00e7ais, ce qui n&rsquo;\u00e9tait \u00e9videmment pas le cas lorsque je jouais \u00e0 Dender. Mon ambition en venant ici est de tout mettre en oeuvre pour jouer plus haut, si possible avec Li\u00e8ge.\u00a0\u00bb<\/em><\/p>\n<p><a href=\"https:\/\/fcliege.be\/fr\/wp-content\/uploads\/2016\/08\/Match-Amical-RFC-Liege_SK-Hasselt-4-8-2016-18.jpg\"><img decoding=\"async\" loading=\"lazy\" class=\"aligncenter size-medium wp-image-7410\" src=\"https:\/\/fcliege.be\/fr\/wp-content\/uploads\/2016\/08\/Match-Amical-RFC-Liege_SK-Hasselt-4-8-2016-18-300x200.jpg\" alt=\"CP RFC Liege, D.Brogno, 1-6-2016\" width=\"300\" height=\"200\" srcset=\"https:\/\/fcliege.be\/fr\/wp-content\/uploads\/2016\/08\/Match-Amical-RFC-Liege_SK-Hasselt-4-8-2016-18-300x200.jpg 300w, https:\/\/fcliege.be\/fr\/wp-content\/uploads\/2016\/08\/Match-Amical-RFC-Liege_SK-Hasselt-4-8-2016-18-1024x682.jpg 1024w\" sizes=\"(max-width: 300px) 100vw, 300px\" \/><\/a><\/p>\n<p>A noter que D&rsquo;Ostilio a re\u00e7u un coup sur le pied, mais sans trop de gravit\u00e9 apparemment, et que Mauclet, m\u00e9nag\u00e9 hier suite \u00e0 une douleur au mollet, passera une \u00e9chographie pour d\u00e9terminer la nature exacte de sa blessure.<\/p>\n<p>Enfin, petite modification par rapport au programme initial : les entra\u00eenements se poursuivront \u00e0 Longchamps en cette fin de semaine.<\/p>\n<p>&nbsp;<\/p>\n<p>Cr\u00e9dit photos : Micka\u00ebl Marquet.<\/p>\n","protected":false},"excerpt":{"rendered":"<p>Hier soir, au terme de ce beau succ\u00e8s face au Sporting Hasselt, nous avons recueilli les impressions de Sergio Teruel et d&rsquo;Emmanuel Massa. Pour le premier nomm\u00e9, le constat est positif. \u00ab\u00a0Cela s&rsquo;est bien pass\u00e9 ce soir. Tactiquement, nous \u00e9tions tr\u00e8s bien en place, m\u00eame si nous avons encore quelques r\u00e9glages d\u00e9fensifs \u00e0 effectuer. Au [&hellip;]<\/p>\n","protected":false},"author":5,"featured_media":7411,"comment_status":"closed","ping_status":"closed","sticky":false,"template":"","format":"standard","meta":{"iawp_total_views":0},"categories":[24,26],"tags":[],"_links":{"self":[{"href":"https:\/\/fcliege.be\/fr\/wp-json\/wp\/v2\/posts\/7409"}],"collection":[{"href":"https:\/\/fcliege.be\/fr\/wp-json\/wp\/v2\/posts"}],"about":[{"href":"https:\/\/fcliege.be\/fr\/wp-json\/wp\/v2\/types\/post"}],"author":[{"embeddable":true,"href":"https:\/\/fcliege.be\/fr\/wp-json\/wp\/v2\/users\/5"}],"replies":[{"embeddable":true,"href":"https:\/\/fcliege.be\/fr\/wp-json\/wp\/v2\/comments?post=7409"}],"version-history":[{"count":3,"href":"https:\/\/fcliege.be\/fr\/wp-json\/wp\/v2\/posts\/7409\/revisions"}],"predecessor-version":[{"id":7414,"href":"https:\/\/fcliege.be\/fr\/wp-json\/wp\/v2\/posts\/7409\/revisions\/7414"}],"wp:featuredmedia":[{"embeddable":true,"href":"https:\/\/fcliege.be\/fr\/wp-json\/wp\/v2\/media\/7411"}],"wp:attachment":[{"href":"https:\/\/fcliege.be\/fr\/wp-json\/wp\/v2\/media?parent=7409"}],"wp:term":[{"taxonomy":"category","embeddable":true,"href":"https:\/\/fcliege.be\/fr\/wp-json\/wp\/v2\/categories?post=7409"},{"taxonomy":"post_tag","embeddable":true,"href":"https:\/\/fcliege.be\/fr\/wp-json\/wp\/v2\/tags?post=7409"}],"curies":[{"name":"wp","href":"https:\/\/api.w.org\/{rel}","templated":true}]}}