{"id":7429,"date":"2016-08-06T07:04:54","date_gmt":"2016-08-06T06:04:54","guid":{"rendered":"http:\/\/fcliege.be\/fr\/?p=7429"},"modified":"2016-08-06T07:04:54","modified_gmt":"2016-08-06T06:04:54","slug":"les-u21-encore-victorieux","status":"publish","type":"post","link":"https:\/\/fcliege.be\/fr\/les-u21-encore-victorieux\/","title":{"rendered":"Les U21 encore victorieux"},"content":{"rendered":"<p>Les U21 poursuivent leur pr\u00e9paration sous la houlette de Robert Coutereels. Ils se sont impos\u00e9s 2-9 face \u00e0 Ans-Montegn\u00e9e.<\/p>\n","protected":false},"excerpt":{"rendered":"<p>Les U21 poursuivent leur pr\u00e9paration sous la houlette de Robert Coutereels. Ils se sont impos\u00e9s 2-9 face \u00e0 Ans-Montegn\u00e9e.<\/p>\n","protected":false},"author":4,"featured_media":0,"comment_status":"closed","ping_status":"closed","sticky":false,"template":"","format":"standard","meta":{"iawp_total_views":0},"categories":[24,26],"tags":[],"_links":{"self":[{"href":"https:\/\/fcliege.be\/fr\/wp-json\/wp\/v2\/posts\/7429"}],"collection":[{"href":"https:\/\/fcliege.be\/fr\/wp-json\/wp\/v2\/posts"}],"about":[{"href":"https:\/\/fcliege.be\/fr\/wp-json\/wp\/v2\/types\/post"}],"author":[{"embeddable":true,"href":"https:\/\/fcliege.be\/fr\/wp-json\/wp\/v2\/users\/4"}],"replies":[{"embeddable":true,"href":"https:\/\/fcliege.be\/fr\/wp-json\/wp\/v2\/comments?post=7429"}],"version-history":[{"count":1,"href":"https:\/\/fcliege.be\/fr\/wp-json\/wp\/v2\/posts\/7429\/revisions"}],"predecessor-version":[{"id":7430,"href":"https:\/\/fcliege.be\/fr\/wp-json\/wp\/v2\/posts\/7429\/revisions\/7430"}],"wp:attachment":[{"href":"https:\/\/fcliege.be\/fr\/wp-json\/wp\/v2\/media?parent=7429"}],"wp:term":[{"taxonomy":"category","embeddable":true,"href":"https:\/\/fcliege.be\/fr\/wp-json\/wp\/v2\/categories?post=7429"},{"taxonomy":"post_tag","embeddable":true,"href":"https:\/\/fcliege.be\/fr\/wp-json\/wp\/v2\/tags?post=7429"}],"curies":[{"name":"wp","href":"https:\/\/api.w.org\/{rel}","templated":true}]}}