{"id":7436,"date":"2016-08-08T11:03:18","date_gmt":"2016-08-08T10:03:18","guid":{"rendered":"http:\/\/fcliege.be\/fr\/?p=7436"},"modified":"2016-08-08T11:03:18","modified_gmt":"2016-08-08T10:03:18","slug":"winandts-jai-toujours-dit-que-javais-le-sens-du-but","status":"publish","type":"post","link":"https:\/\/fcliege.be\/fr\/winandts-jai-toujours-dit-que-javais-le-sens-du-but\/","title":{"rendered":"Winandts : \u00ab\u00a0J&rsquo;ai toujours dit que j&rsquo;avais le sens du but&#8230;\u00a0\u00bb"},"content":{"rendered":"<p>Contrat rempli donc hier \u00e0 Warnant pour notre d\u00e9l\u00e9gation, qui n&rsquo;a jamais trembl\u00e9 pour obtenir cette qualification.<\/p>\n<p>Au prochain tour, c&rsquo;est un duel \u00e0 Rocourt face \u00e0 l&rsquo;Eendracht Alost (D2 Amateurs) qui nous attend et cette rencontre, initialement programm\u00e9e au dimanche 14 ao\u00fbt \u00e0 16h00, devrait \u00eatre avanc\u00e9e au samedi 13 ao\u00fbt \u00e0 20h00, en raison de l&rsquo;organisation des festivit\u00e9s du 15 ao\u00fbt en Outremeuse, les forces de l&rsquo;ordre \u00e9tant requises pour assurer la s\u00e9curit\u00e9 de cet \u00e9v\u00e9nement.<\/p>\n<p>Nous vous tiendrons \u00e9videmment d\u00e8s que possible inform\u00e9s de l&rsquo;horaire d\u00e9finitif de ce prochain tour de Coupe de Belgique.<\/p>\n<p>Hier, apr\u00e8s la victoire en Hesbaye, nous avons recueilli les avis d&rsquo;Arnaud Winandts, auteur d&rsquo;un troisi\u00e8me but d&rsquo;excellente facture, et de Dante Brogno, notre coach.<\/p>\n<p><strong>Arnaud Winandts<\/strong><\/p>\n<p><em>\u00ab\u00a0Il y a bien longtemps que je n&rsquo;avais plus \u00e9volu\u00e9 au poste de back droit, m\u00eame si j&rsquo;y ai prest\u00e9 de nombreuses ann\u00e9es d\u00e9j\u00e0, et il a donc fallu un peu de temps pour que je prenne mes rep\u00e8res. Mon but ? J&rsquo;ai toujours dit que j&rsquo;avais le sens du but (rires), mais nous aurions d\u00fb tuer ce match plus rapidement. Dommage aussi d&rsquo;encaisser en fin de rencontre, suite \u00e0 une incompr\u00e9hension au d\u00e9part de la phase. Pour le reste, nous avons abord\u00e9 cette rencontre avec s\u00e9rieux. Maintenant, face \u00e0 Alost, ce sera un autre morceau, mais, \u00e0 domicile, nous aurons un avantage pour poser notre jeu et jouer plus vite. L&rsquo;objectif est de rester en lice en Coupe durant tout le mois d&rsquo;ao\u00fbt.\u00a0\u00bb<\/em><\/p>\n<p><strong>Dante Brogno<\/strong><\/p>\n<p><em>\u00ab\u00a0Hormis le fait que nous aurions d\u00fb plier ce match plus t\u00f4t, je suis satisfait de notre prestation. L&rsquo;\u00e9quipe avance et progresse et je cherche encore le meilleur \u00e9quilibre pour elle. J&rsquo;ai voulu donner une chance \u00e0 Romain Matthys pour voir ce qu&rsquo;il a dans le ventre et essayer Arnaud Winandts au back droit. Il faudra le revoir face \u00e0 une autre opposition. En seconde p\u00e9riode, le match a \u00e9t\u00e9 moins plaisant \u00e0 regarder, mais je voulais surtout \u00e9viter les blessures et c&rsquo;est dans cette optique que les remplacements ont \u00e9t\u00e9 effectu\u00e9s, car certains joueurs se plaignaient de l\u00e9gers bobos. Sur ce terrain \u00e9troit, il y avait peu d&rsquo;espaces \u00e9galement. J&rsquo;ai deux regrets : notre manque de r\u00e9alisme et ce but encaiss\u00e9 suite \u00e0 un manque de communication. Mais il nous reste du temps pour corriger cela&#8230;\u00a0\u00bb<\/em><\/p>\n<p>Cr\u00e9dit photo : Micka\u00ebl Marquet.<\/p>\n<p>&nbsp;<\/p>\n","protected":false},"excerpt":{"rendered":"<p>Contrat rempli donc hier \u00e0 Warnant pour notre d\u00e9l\u00e9gation, qui n&rsquo;a jamais trembl\u00e9 pour obtenir cette qualification. Au prochain tour, c&rsquo;est un duel \u00e0 Rocourt face \u00e0 l&rsquo;Eendracht Alost (D2 Amateurs) qui nous attend et cette rencontre, initialement programm\u00e9e au dimanche 14 ao\u00fbt \u00e0 16h00, devrait \u00eatre avanc\u00e9e au samedi 13 ao\u00fbt \u00e0 20h00, en [&hellip;]<\/p>\n","protected":false},"author":5,"featured_media":7437,"comment_status":"closed","ping_status":"closed","sticky":false,"template":"","format":"standard","meta":{"iawp_total_views":1},"categories":[24,26],"tags":[],"_links":{"self":[{"href":"https:\/\/fcliege.be\/fr\/wp-json\/wp\/v2\/posts\/7436"}],"collection":[{"href":"https:\/\/fcliege.be\/fr\/wp-json\/wp\/v2\/posts"}],"about":[{"href":"https:\/\/fcliege.be\/fr\/wp-json\/wp\/v2\/types\/post"}],"author":[{"embeddable":true,"href":"https:\/\/fcliege.be\/fr\/wp-json\/wp\/v2\/users\/5"}],"replies":[{"embeddable":true,"href":"https:\/\/fcliege.be\/fr\/wp-json\/wp\/v2\/comments?post=7436"}],"version-history":[{"count":3,"href":"https:\/\/fcliege.be\/fr\/wp-json\/wp\/v2\/posts\/7436\/revisions"}],"predecessor-version":[{"id":7440,"href":"https:\/\/fcliege.be\/fr\/wp-json\/wp\/v2\/posts\/7436\/revisions\/7440"}],"wp:featuredmedia":[{"embeddable":true,"href":"https:\/\/fcliege.be\/fr\/wp-json\/wp\/v2\/media\/7437"}],"wp:attachment":[{"href":"https:\/\/fcliege.be\/fr\/wp-json\/wp\/v2\/media?parent=7436"}],"wp:term":[{"taxonomy":"category","embeddable":true,"href":"https:\/\/fcliege.be\/fr\/wp-json\/wp\/v2\/categories?post=7436"},{"taxonomy":"post_tag","embeddable":true,"href":"https:\/\/fcliege.be\/fr\/wp-json\/wp\/v2\/tags?post=7436"}],"curies":[{"name":"wp","href":"https:\/\/api.w.org\/{rel}","templated":true}]}}