{"id":7555,"date":"2016-08-27T21:24:44","date_gmt":"2016-08-27T20:24:44","guid":{"rendered":"http:\/\/fcliege.be\/fr\/?p=7555"},"modified":"2016-08-28T10:13:57","modified_gmt":"2016-08-28T09:13:57","slug":"un-week-end-tres-positif","status":"publish","type":"post","link":"https:\/\/fcliege.be\/fr\/un-week-end-tres-positif\/","title":{"rendered":"Un week-end  tr\u00e8s positif"},"content":{"rendered":"<p>Apr\u00e8s la victoire vendredi de l&rsquo;\u00e9quipe A, 2-1, contre Virton, ce sont les filles du RFCL qui ont sign\u00e9 l&rsquo;exploit du week-end :<\/p>\n<p><strong>VICTOIRE 4-1 contre le Cercle de Bruges<\/strong> au 3\u00e8me tour de la Coupe de Belgique. Pour une 1\u00e8re ann\u00e9e, c&rsquo;est un coup de ma\u00eetre ! C&rsquo;\u00e9tait 1-1 au repos mais nos dames ont livr\u00e9 une excellente seconde mi-temps. Au prochain tour, le RFCL dames accueillera une \u00e9quipe de D1, Massenhoven. Ce sera \u00e0 Rocourt le samedi 17 septembre. Notez la date !<\/p>\n<p>La P3 n&rsquo; a pas \u00e9t\u00e9 en reste : victoire 5-0 contre Hognoul et 9 points sur 9 en championnat !<\/p>\n<p>Les U21, la r\u00e9serve de l&rsquo;\u00e9quipe A , s&rsquo;y est mise aussi : victoire 2-4 sur le terrain d&rsquo;une P2, Seraing Athl\u00e9tique.<\/p>\n<p>Tout cela est de bon augure !<\/p>\n","protected":false},"excerpt":{"rendered":"<p>Apr\u00e8s la victoire vendredi de l&rsquo;\u00e9quipe A, 2-1, contre Virton, ce sont les filles du RFCL qui ont sign\u00e9 l&rsquo;exploit du week-end : VICTOIRE 4-1 contre le Cercle de Bruges au 3\u00e8me tour de la Coupe de Belgique. Pour une 1\u00e8re ann\u00e9e, c&rsquo;est un coup de ma\u00eetre ! C&rsquo;\u00e9tait 1-1 au repos mais nos dames [&hellip;]<\/p>\n","protected":false},"author":4,"featured_media":0,"comment_status":"closed","ping_status":"closed","sticky":false,"template":"","format":"standard","meta":{"iawp_total_views":0},"categories":[24,26],"tags":[],"_links":{"self":[{"href":"https:\/\/fcliege.be\/fr\/wp-json\/wp\/v2\/posts\/7555"}],"collection":[{"href":"https:\/\/fcliege.be\/fr\/wp-json\/wp\/v2\/posts"}],"about":[{"href":"https:\/\/fcliege.be\/fr\/wp-json\/wp\/v2\/types\/post"}],"author":[{"embeddable":true,"href":"https:\/\/fcliege.be\/fr\/wp-json\/wp\/v2\/users\/4"}],"replies":[{"embeddable":true,"href":"https:\/\/fcliege.be\/fr\/wp-json\/wp\/v2\/comments?post=7555"}],"version-history":[{"count":3,"href":"https:\/\/fcliege.be\/fr\/wp-json\/wp\/v2\/posts\/7555\/revisions"}],"predecessor-version":[{"id":7560,"href":"https:\/\/fcliege.be\/fr\/wp-json\/wp\/v2\/posts\/7555\/revisions\/7560"}],"wp:attachment":[{"href":"https:\/\/fcliege.be\/fr\/wp-json\/wp\/v2\/media?parent=7555"}],"wp:term":[{"taxonomy":"category","embeddable":true,"href":"https:\/\/fcliege.be\/fr\/wp-json\/wp\/v2\/categories?post=7555"},{"taxonomy":"post_tag","embeddable":true,"href":"https:\/\/fcliege.be\/fr\/wp-json\/wp\/v2\/tags?post=7555"}],"curies":[{"name":"wp","href":"https:\/\/api.w.org\/{rel}","templated":true}]}}