{"id":7570,"date":"2016-08-31T08:47:29","date_gmt":"2016-08-31T07:47:29","guid":{"rendered":"http:\/\/fcliege.be\/fr\/?p=7570"},"modified":"2016-08-31T08:47:29","modified_gmt":"2016-08-31T07:47:29","slug":"les-u21-sont-prets","status":"publish","type":"post","link":"https:\/\/fcliege.be\/fr\/les-u21-sont-prets\/","title":{"rendered":"Les U21 sont pr\u00eats !"},"content":{"rendered":"<p>Les U21 de Robert Coutereels ont termin\u00e9 leur pr\u00e9paration par un bon match et un bon r\u00e9sultat : 2-2 \u00e0 Ougr\u00e9e, une P2 ambitieuse. D\u00e9but du championnat : le samedi 10\/9 \u00e0 17h contre Andenne \u00e0 Rocourt avant un premier d\u00e9placement \u00e0 l&rsquo;UR Namur.<\/p>\n","protected":false},"excerpt":{"rendered":"<p>Les U21 de Robert Coutereels ont termin\u00e9 leur pr\u00e9paration par un bon match et un bon r\u00e9sultat : 2-2 \u00e0 Ougr\u00e9e, une P2 ambitieuse. D\u00e9but du championnat : le samedi 10\/9 \u00e0 17h contre Andenne \u00e0 Rocourt avant un premier d\u00e9placement \u00e0 l&rsquo;UR Namur.<\/p>\n","protected":false},"author":4,"featured_media":0,"comment_status":"closed","ping_status":"closed","sticky":false,"template":"","format":"standard","meta":{"iawp_total_views":0},"categories":[24,26],"tags":[],"_links":{"self":[{"href":"https:\/\/fcliege.be\/fr\/wp-json\/wp\/v2\/posts\/7570"}],"collection":[{"href":"https:\/\/fcliege.be\/fr\/wp-json\/wp\/v2\/posts"}],"about":[{"href":"https:\/\/fcliege.be\/fr\/wp-json\/wp\/v2\/types\/post"}],"author":[{"embeddable":true,"href":"https:\/\/fcliege.be\/fr\/wp-json\/wp\/v2\/users\/4"}],"replies":[{"embeddable":true,"href":"https:\/\/fcliege.be\/fr\/wp-json\/wp\/v2\/comments?post=7570"}],"version-history":[{"count":1,"href":"https:\/\/fcliege.be\/fr\/wp-json\/wp\/v2\/posts\/7570\/revisions"}],"predecessor-version":[{"id":7571,"href":"https:\/\/fcliege.be\/fr\/wp-json\/wp\/v2\/posts\/7570\/revisions\/7571"}],"wp:attachment":[{"href":"https:\/\/fcliege.be\/fr\/wp-json\/wp\/v2\/media?parent=7570"}],"wp:term":[{"taxonomy":"category","embeddable":true,"href":"https:\/\/fcliege.be\/fr\/wp-json\/wp\/v2\/categories?post=7570"},{"taxonomy":"post_tag","embeddable":true,"href":"https:\/\/fcliege.be\/fr\/wp-json\/wp\/v2\/tags?post=7570"}],"curies":[{"name":"wp","href":"https:\/\/api.w.org\/{rel}","templated":true}]}}