{"id":7581,"date":"2016-09-01T09:45:58","date_gmt":"2016-09-01T08:45:58","guid":{"rendered":"http:\/\/fcliege.be\/fr\/?p=7581"},"modified":"2016-09-01T09:45:58","modified_gmt":"2016-09-01T08:45:58","slug":"un-attaquant-supplementaire","status":"publish","type":"post","link":"https:\/\/fcliege.be\/fr\/un-attaquant-supplementaire\/","title":{"rendered":"Un attaquant suppl\u00e9mentaire !"},"content":{"rendered":"<p><i><span lang=\"FR-BE\"><b>UN RENFORT DE DERNIERE MINUTE, MAIS DE PREMIER CHOIX !<\/b><\/span><\/i><\/p>\n<p><i><span lang=\"FR-BE\">\u00a0<\/span><\/i><\/p>\n<p><i><span lang=\"FR-BE\">Quoique notre noyau soit d\u00e9j\u00e0 talentueux et arm\u00e9 pour ce championnat, la direction avait toujours pr\u00e9cis\u00e9 qu\u2019elle restait ouverte \u00e0 l\u2019une ou l\u2019autre bonne op\u00e9ration de fin de mercato. Et la philosophie de notre entraineur, rappel\u00e9e lors de la pr\u00e9sentation aux abonn\u00e9s en juillet, \u00e9tant de marquer un but de plus que l\u2019adversaire, c\u2019est plut\u00f4t vers le secteur offensif que se portait notre attention.<\/span><\/i><\/p>\n<p><i><span lang=\"FR-BE\">\u00a0<\/span><\/i><\/p>\n<p><i><span lang=\"FR-BE\">C\u2019est dans ce cadre que nous sommes heureux d\u2019annoncer l\u2019arriv\u00e9e, concr\u00e9tis\u00e9e hier soir, de <b>Karim EZZAHRI, attaquant de 21 ans, form\u00e9 notamment \u00e0 Brest, et qui nous avait fait mal la saison derni\u00e8re lorsqu\u2019il portait les couleurs de Woluw\u00e9 Zaventem.<\/b> Nul ne doute qu\u2019il fera souffrir pas mal de d\u00e9fenses ni, qu\u2019avec son \u00e2ge et son enthousiasme, il repr\u00e9sente une belle promesse pour l\u2019avenir\u00a0!<\/span><\/i><\/p>\n<p><i><span lang=\"FR-BE\">\u00a0<\/span><\/i><\/p>\n<p><i><span lang=\"FR-BE\">Nous profitons de l\u2019occasion pour confirmer l\u2019enti\u00e8re confiance que le club place en la jeunesse, et son intention in\u00e9branlable de continuer \u00e0 croire en elle. <b>Cette confiance totale s\u2019applique notamment \u00e0 nos deux jeunes gardiens,<\/b> dont le talent est reconnu de tous et qui ne demandent, gr\u00e2ce au soutien de tout un club et de ses supporters, qu\u2019\u00e0 s\u2019\u00e9panouir et \u00e0 prendre du galon.<\/span><\/i><\/p>\n<p><i><span lang=\"FR-BE\">\u00a0<\/span><\/i><\/p>\n<p><i><span lang=\"FR-BE\">Karim, Robin, Kakou, et vous tous jeunes joueurs qui recevez une vraie chance dans un club mythique, d\u00e9montrons tous ensemble qu\u2019il n\u2019y a pas de contradiction entre la jeunesse et l\u2019ambition\u00a0!<\/span><\/i><\/p>\n<p><i><span lang=\"FR-BE\">\u00a0<\/span><\/i><\/p>\n<p><i><span lang=\"FR-BE\">Allons Li\u00e8ge\u00a0!<\/span><\/i><\/p>\n","protected":false},"excerpt":{"rendered":"<p>UN RENFORT DE DERNIERE MINUTE, MAIS DE PREMIER CHOIX ! \u00a0 Quoique notre noyau soit d\u00e9j\u00e0 talentueux et arm\u00e9 pour ce championnat, la direction avait toujours pr\u00e9cis\u00e9 qu\u2019elle restait ouverte \u00e0 l\u2019une ou l\u2019autre bonne op\u00e9ration de fin de mercato. Et la philosophie de notre entraineur, rappel\u00e9e lors de la pr\u00e9sentation aux abonn\u00e9s en juillet, [&hellip;]<\/p>\n","protected":false},"author":4,"featured_media":0,"comment_status":"closed","ping_status":"closed","sticky":false,"template":"","format":"standard","meta":{"iawp_total_views":0},"categories":[24,26],"tags":[],"_links":{"self":[{"href":"https:\/\/fcliege.be\/fr\/wp-json\/wp\/v2\/posts\/7581"}],"collection":[{"href":"https:\/\/fcliege.be\/fr\/wp-json\/wp\/v2\/posts"}],"about":[{"href":"https:\/\/fcliege.be\/fr\/wp-json\/wp\/v2\/types\/post"}],"author":[{"embeddable":true,"href":"https:\/\/fcliege.be\/fr\/wp-json\/wp\/v2\/users\/4"}],"replies":[{"embeddable":true,"href":"https:\/\/fcliege.be\/fr\/wp-json\/wp\/v2\/comments?post=7581"}],"version-history":[{"count":1,"href":"https:\/\/fcliege.be\/fr\/wp-json\/wp\/v2\/posts\/7581\/revisions"}],"predecessor-version":[{"id":7582,"href":"https:\/\/fcliege.be\/fr\/wp-json\/wp\/v2\/posts\/7581\/revisions\/7582"}],"wp:attachment":[{"href":"https:\/\/fcliege.be\/fr\/wp-json\/wp\/v2\/media?parent=7581"}],"wp:term":[{"taxonomy":"category","embeddable":true,"href":"https:\/\/fcliege.be\/fr\/wp-json\/wp\/v2\/categories?post=7581"},{"taxonomy":"post_tag","embeddable":true,"href":"https:\/\/fcliege.be\/fr\/wp-json\/wp\/v2\/tags?post=7581"}],"curies":[{"name":"wp","href":"https:\/\/api.w.org\/{rel}","templated":true}]}}