{"id":8477,"date":"2018-11-28T09:11:58","date_gmt":"2018-11-28T08:11:58","guid":{"rendered":"http:\/\/fcliege.be\/fr\/?p=8477"},"modified":"2018-11-28T18:10:18","modified_gmt":"2018-11-28T17:10:18","slug":"la-treve-est-bientot-la","status":"publish","type":"post","link":"https:\/\/fcliege.be\/fr\/la-treve-est-bientot-la\/","title":{"rendered":"C&rsquo;est bient\u00f4t la tr\u00eave&#8230;"},"content":{"rendered":"<h4 style=\"text-align: justify;\">Qui dit p\u00e9riode de f\u00eates dit aussi tr\u00eave hivernale.<br \/>\nVous trouverez ci-dessous les informations relatives \u00e0 cette p\u00e9riode, en fonction des cat\u00e9gories d&rsquo;\u00e2ge.<\/h4>\n<h5 style=\"text-align: justify;\">Cat\u00e9gories U6\u00a0\u00e0 U9<\/h5>\n<p style=\"text-align: justify;\">Tr\u00eave du 14\/12\/2018 au 13\/01\/2019.<br \/>\nReprise des entra\u00eenements le 14\/01\/2019.<\/p>\n<h5 style=\"text-align: justify;\">Cat\u00e9gories U10 \u00e0 U13<\/h5>\n<p style=\"text-align: justify;\">Tr\u00eave du 14\/12\/2018 au 06\/01\/2019.<br \/>\nReprise des entra\u00eenements le 07\/01\/2019.<\/p>\n<h5 style=\"text-align: justify;\">Cat\u00e9gories U14 \u00e0 U19<\/h5>\n<p style=\"text-align: justify;\">Tr\u00eave du 02\/12\/2018 au 06\/01\/2019.<br \/>\nReprise des entra\u00eenements le 07\/01\/2019.<br \/>\n<strong>Attention : Les provinciaux s&rsquo;entra\u00eeneront le 7\/12 \u00e0 Wihogne.<\/strong><br \/>\n<strong>Des entra\u00eenements seront \u00e9galement organis\u00e9s pour toutes les \u00e9quipes les 18, 19\u00a0et 20\/12\/2018.<\/strong>\u00a0Le site sera d\u00e9cid\u00e9 en fonction des conditions climatiques et sera communiqu\u00e9 ult\u00e9rieurement.<\/p>\n","protected":false},"excerpt":{"rendered":"<p>Qui dit p\u00e9riode de f\u00eates dit aussi tr\u00eave hivernale. Vous trouverez ci-dessous les informations relatives \u00e0 cette p\u00e9riode, en fonction des cat\u00e9gories d&rsquo;\u00e2ge. Cat\u00e9gories U6\u00a0\u00e0 U9 Tr\u00eave du 14\/12\/2018 au 13\/01\/2019. Reprise des entra\u00eenements le 14\/01\/2019. Cat\u00e9gories U10 \u00e0 U13 Tr\u00eave du 14\/12\/2018 au 06\/01\/2019. Reprise des entra\u00eenements le 07\/01\/2019. Cat\u00e9gories U14 \u00e0 U19 Tr\u00eave [&hellip;]<\/p>\n","protected":false},"author":9,"featured_media":8478,"comment_status":"closed","ping_status":"closed","sticky":false,"template":"","format":"standard","meta":{"iawp_total_views":39},"categories":[1,24,23],"tags":[],"_links":{"self":[{"href":"https:\/\/fcliege.be\/fr\/wp-json\/wp\/v2\/posts\/8477"}],"collection":[{"href":"https:\/\/fcliege.be\/fr\/wp-json\/wp\/v2\/posts"}],"about":[{"href":"https:\/\/fcliege.be\/fr\/wp-json\/wp\/v2\/types\/post"}],"author":[{"embeddable":true,"href":"https:\/\/fcliege.be\/fr\/wp-json\/wp\/v2\/users\/9"}],"replies":[{"embeddable":true,"href":"https:\/\/fcliege.be\/fr\/wp-json\/wp\/v2\/comments?post=8477"}],"version-history":[{"count":11,"href":"https:\/\/fcliege.be\/fr\/wp-json\/wp\/v2\/posts\/8477\/revisions"}],"predecessor-version":[{"id":11983,"href":"https:\/\/fcliege.be\/fr\/wp-json\/wp\/v2\/posts\/8477\/revisions\/11983"}],"wp:featuredmedia":[{"embeddable":true,"href":"https:\/\/fcliege.be\/fr\/wp-json\/wp\/v2\/media\/8478"}],"wp:attachment":[{"href":"https:\/\/fcliege.be\/fr\/wp-json\/wp\/v2\/media?parent=8477"}],"wp:term":[{"taxonomy":"category","embeddable":true,"href":"https:\/\/fcliege.be\/fr\/wp-json\/wp\/v2\/categories?post=8477"},{"taxonomy":"post_tag","embeddable":true,"href":"https:\/\/fcliege.be\/fr\/wp-json\/wp\/v2\/tags?post=8477"}],"curies":[{"name":"wp","href":"https:\/\/api.w.org\/{rel}","templated":true}]}}