{"id":8611,"date":"2016-12-22T15:24:40","date_gmt":"2016-12-22T14:24:40","guid":{"rendered":"http:\/\/fcliege.be\/fr\/?p=8611"},"modified":"2016-12-22T15:40:55","modified_gmt":"2016-12-22T14:40:55","slug":"equipe-premiere-les-stats-a-mi-saison","status":"publish","type":"post","link":"https:\/\/fcliege.be\/fr\/equipe-premiere-les-stats-a-mi-saison\/","title":{"rendered":"Equipe premi\u00e8re : les stats \u00e0 mi-saison."},"content":{"rendered":"<p style=\"text-align: justify;\"><strong>La tr\u00eave est arriv\u00e9e\u2026<\/strong><br \/>\n<strong>Le moment id\u00e9al pour dresser le bilan de mi-saison de notre \u00e9quipe premi\u00e8re.<\/strong><\/p>\n<p style=\"text-align: justify;\"><strong>Apr\u00e8s 16 rencontres, le groupe peut se targuer de statistiques positives : invaincu depuis le d\u00e9but du championnat, le RFC Li\u00e8ge cl\u00f4ture cette ann\u00e9e 2016 sur 10 victoires et 6 partages.<\/strong><\/p>\n<p style=\"text-align: justify;\"><strong>Qu\u2019en est-il des statistiques individuelles ? Qui sont les plus efficaces face au but adverse ? A qui la palme du joueur le plus pr\u00e9sent sur le terrain ? Lequel de nos joueurs a \u00e9t\u00e9 le plus sanctionn\u00e9 par l\u2019arbitre ?<br \/>\nAutant de questions et autant de r\u00e9ponses \u00e0 la lumi\u00e8re des chiffres de ce d\u00e9but de saison.<\/strong><\/p>\n<h5 style=\"text-align: justify;\">Les meilleurs buteurs<\/h5>\n<p style=\"text-align: justify;\">Le titre de meilleur buteur revient, sans conteste, \u00e0 Dylan Lambrecth avec 13 buts \u00e0 son actif (soit un but toutes les 99 minutes).<\/p>\n<p style=\"text-align: justify;\">La seconde place de ce podium est occup\u00e9e par Eric Vandebon dont les frappes ont trouv\u00e9 le chemin des filets \u00e0 8 reprises, dont 7 sur penalty.<\/p>\n<p style=\"text-align: justify;\">Axel Dheur arrive en troisi\u00e8me position de ce classement avec 4 buts inscrits, tout juste devant Beno\u00eet Bruggeman, auteur de 3 buts depuis le d\u00e9but de la saison.<\/p>\n<p style=\"text-align: justify;\">Emanuel Massa, Karim Ezzahri, Gr\u00e9gory Dufer comptent chacun 2 buts \u00e0 leur actif.<\/p>\n<p style=\"text-align: justify;\">Beno\u00eet Masset aura envoy\u00e9, de la t\u00eate, un ballon au fond des filets adverses tout comme Jonathan Fondaire et William Mauclet.<\/p>\n<h5 style=\"text-align: justify;\">Les assists<\/h5>\n<p style=\"text-align: justify;\">La t\u00eate du classement du nombre d\u2019assists revient \u00e0 Axel Dheur, avec 5 passes qui auront largement contribu\u00e9 \u00e0 faire trembler le filet adverse.<\/p>\n<p style=\"text-align: justify;\">Axel est suivi de pr\u00e8s par Dylan Lambrecth (4 assists).<\/p>\n<p style=\"text-align: justify;\">Jonathan d\u2019Ostilio, Beno\u00eet Bruggeman et Gr\u00e9gory Dufer sont tous trois \u00e0 l\u2019origine de 3 passes d\u00e9cisives.<\/p>\n<p style=\"text-align: justify;\">Apparaissent \u00e9galement dans ce classement Jonathan Fondaire, William Mauclet (2 assists), Eric Vandebon, Amine Jiyar et Ga\u00ebtan Audoor (1 assist).<\/p>\n<h5 style=\"text-align: justify;\">Les plus pr\u00e9sents sur le terrain<\/h5>\n<p style=\"text-align: justify;\">Parmi tous les joueurs du noyau, Emanuel Massa est le seul \u00e0 avoir disput\u00e9 l\u2019int\u00e9gralit\u00e9 des matchs. Titulaire lors de chaque rencontre, il aura pass\u00e9 1438 minutes sur le terrain et n\u2019aura re\u00e7u qu\u2019une seule carte jaune durant cette premi\u00e8re moiti\u00e9 de saison.<\/p>\n<p style=\"text-align: justify;\">Eric Vandebon et Robin Dengis se partagent la seconde position de ce classement avec 15 titularisations et 1350 minutes de jeu.<\/p>\n<p style=\"text-align: justify;\">Ils devancent, avec 15 titularisations \u00e9galement, Beno\u00eet Masset (1341 minutes), Jonathan d\u2019Ostilio (1337 minutes), Amine Jiyar (1329 minutes), Axel Dheur (1311 minutes) et Dylan Lambrecth (1287 minutes).<\/p>\n<p style=\"text-align: justify;\">Viennent ensuite : Ga\u00ebtan Audoor (12 titularisations, 3 s\u00e9lections, 1085 minutes), Beno\u00eet Bruggeman (10 titularisations, 1 s\u00e9lection, 806 minutes), Gr\u00e9gory Dufer (9 titularisations, 756 minutes), Karim Ezzahri (5 titularisations, 1 s\u00e9lection, 416 minutes), Sergio Teruel (4 titularisations, 360 minutes), William Mauclet (4 titularisations, 4 s\u00e9lections, 350 minutes), Arnaud Winandts (3 titularisations, 12 s\u00e9lections, 328 minutes), Tom Dethier (3 titularisations, 3 s\u00e9lections, 327 minutes), Jonathan Fondaire (2 titularisations, 8 s\u00e9lections, 222 minutes), Dieudonn\u00e9 Lwangi (1 titularisation, 11 s\u00e9lections, 183 minutes), Fran\u00e7ois Henke (1 titularisation, 4 s\u00e9lections, 104 minutes), Romain Matthys (1 titularisation, 15 s\u00e9lections, 90 minutes) et Simon Ligot (2 s\u00e9lections, 9 minutes).<\/p>\n<h5 style=\"text-align: justify;\">Les plus sanctionn\u00e9s<\/h5>\n<p style=\"text-align: justify;\">Depuis le d\u00e9but de saison, l\u2019\u00e9quipe a re\u00e7u 32 cartes jaunes et 3 rouges r\u00e9parties comme suit : Axel Dheur (5 cartes jaunes), Eric Vandebon (4 cartes jaunes), Jonathan d\u2019Ostilio (4 cartes jaunes), Amine Jiyar (4 cartes jaunes), Dylan Lambrecth (3 cartes jaunes, 1 carte rouge), Beno\u00eet Masset (3 cartes jaunes), Ga\u00ebtan Audoor et Karim Ezzahri (1 carte jaune, 1 carte rouge), Tom Dethier (2 cartes jaunes), Robin Dengis, Beno\u00eet Bruggeman, Sergio Teruel, Jonathan Fondaire, Dieudonn\u00e9 Lwangi (1 carte jaune).<\/p>\n<p style=\"text-align: justify;\">En 16 rencontres, 8 joueurs auront \u00e9cop\u00e9 d\u2019une suspension, \u00e0 savoir Axel Dheur, Eric Vandebon, Jonathan d\u2019Ostilio, Amine Jiyar, Beno\u00eet Masset, Dylan Lambrecth, Ga\u00ebtan Audoor et Karim Ezzahri.<\/p>\n<p style=\"text-align: justify;\">La seconde partie de saison reprendra le <strong>8 janvier prochain<\/strong> \u00e0 domicile <strong>face \u00e0 Ch\u00e2telet<\/strong>. Une rencontre au sommet puisqu\u2019elle opposera les deux premiers du championnat et qu&rsquo;une victoire permettrait \u00e0 Li\u00e8ge de reprendre la t\u00eate.<\/p>\n<p style=\"text-align: justify;\">Vous l\u2019aurez compris, nous comptons sur vous le dimanche 8 janvier prochain \u00e0 15 heures pour soutenir nos joueurs lors de ce match important et poursuivre, avec nous, la route vers la D1.<\/p>\n<p style=\"text-align: justify;\">Allons Li\u00e8ge !<\/p>\n","protected":false},"excerpt":{"rendered":"<p>La tr\u00eave est arriv\u00e9e\u2026 Le moment id\u00e9al pour dresser le bilan de mi-saison de notre \u00e9quipe premi\u00e8re. Apr\u00e8s 16 rencontres, le groupe peut se targuer de statistiques positives : invaincu depuis le d\u00e9but du championnat, le RFC Li\u00e8ge cl\u00f4ture cette ann\u00e9e 2016 sur 10 victoires et 6 partages. Qu\u2019en est-il des statistiques individuelles ? Qui [&hellip;]<\/p>\n","protected":false},"author":9,"featured_media":7662,"comment_status":"closed","ping_status":"closed","sticky":false,"template":"","format":"standard","meta":{"iawp_total_views":3},"categories":[24,26],"tags":[],"_links":{"self":[{"href":"https:\/\/fcliege.be\/fr\/wp-json\/wp\/v2\/posts\/8611"}],"collection":[{"href":"https:\/\/fcliege.be\/fr\/wp-json\/wp\/v2\/posts"}],"about":[{"href":"https:\/\/fcliege.be\/fr\/wp-json\/wp\/v2\/types\/post"}],"author":[{"embeddable":true,"href":"https:\/\/fcliege.be\/fr\/wp-json\/wp\/v2\/users\/9"}],"replies":[{"embeddable":true,"href":"https:\/\/fcliege.be\/fr\/wp-json\/wp\/v2\/comments?post=8611"}],"version-history":[{"count":4,"href":"https:\/\/fcliege.be\/fr\/wp-json\/wp\/v2\/posts\/8611\/revisions"}],"predecessor-version":[{"id":8615,"href":"https:\/\/fcliege.be\/fr\/wp-json\/wp\/v2\/posts\/8611\/revisions\/8615"}],"wp:featuredmedia":[{"embeddable":true,"href":"https:\/\/fcliege.be\/fr\/wp-json\/wp\/v2\/media\/7662"}],"wp:attachment":[{"href":"https:\/\/fcliege.be\/fr\/wp-json\/wp\/v2\/media?parent=8611"}],"wp:term":[{"taxonomy":"category","embeddable":true,"href":"https:\/\/fcliege.be\/fr\/wp-json\/wp\/v2\/categories?post=8611"},{"taxonomy":"post_tag","embeddable":true,"href":"https:\/\/fcliege.be\/fr\/wp-json\/wp\/v2\/tags?post=8611"}],"curies":[{"name":"wp","href":"https:\/\/api.w.org\/{rel}","templated":true}]}}