{"id":8669,"date":"2017-01-05T12:16:12","date_gmt":"2017-01-05T11:16:12","guid":{"rendered":"http:\/\/fcliege.be\/fr\/?p=8669"},"modified":"2017-01-05T12:16:12","modified_gmt":"2017-01-05T11:16:12","slug":"retour-dun-partenaire-historique-du-rfc-liege","status":"publish","type":"post","link":"https:\/\/fcliege.be\/fr\/retour-dun-partenaire-historique-du-rfc-liege\/","title":{"rendered":"Retour d&rsquo;un partenaire historique du RFC Li\u00e8ge&#8230;"},"content":{"rendered":"<p style=\"text-align: justify;\">Ce d\u00e9but d&rsquo;ann\u00e9e est marqu\u00e9 par le retour\u00a0d&rsquo;un partenaire historique du RFC Li\u00e8ge : Cora.<\/p>\n<p>Pour mat\u00e9rialiser cette convention de partenariat, qui lie le supermarch\u00e9 et le shopping Cora\u00a0au RFC Li\u00e8ge jusqu&rsquo;en 2018, le fronton de la tribune assise sera d\u00e9sormais habill\u00e9 aux couleurs de notre partenaire.<\/p>\n<p style=\"text-align: justify;\">Les am\u00e9nagements se terminent&#8230;<\/p>\n<p style=\"text-align: justify;\"><a href=\"https:\/\/fcliege.be\/fr\/wp-content\/uploads\/2017\/01\/panneaux_cora.jpg\"><img decoding=\"async\" loading=\"lazy\" class=\"alignnone  wp-image-8670\" src=\"https:\/\/fcliege.be\/fr\/wp-content\/uploads\/2017\/01\/panneaux_cora-300x225.jpg\" alt=\"panneaux_cora\" width=\"356\" height=\"272\" \/><\/a><\/p>\n<p style=\"text-align: justify;\">Rendez-vous ce week-end lors du\u00a0match RFC Li\u00e8ge &#8211; Ch\u00e2telet pour le lancement officiel de cette nouvelle collaboration par le biais d&rsquo;une\u00a0action sp\u00e9ciale \u00e0 l&rsquo;attention des supporters. A la cl\u00e9 : des bons de r\u00e9duction et un caddie complet \u00e0 remporter.<\/p>\n","protected":false},"excerpt":{"rendered":"<p>Ce d\u00e9but d&rsquo;ann\u00e9e est marqu\u00e9 par le retour\u00a0d&rsquo;un partenaire historique du RFC Li\u00e8ge : Cora. Pour mat\u00e9rialiser cette convention de partenariat, qui lie le supermarch\u00e9 et le shopping Cora\u00a0au RFC Li\u00e8ge jusqu&rsquo;en 2018, le fronton de la tribune assise sera d\u00e9sormais habill\u00e9 aux couleurs de notre partenaire. Les am\u00e9nagements se terminent&#8230; Rendez-vous ce week-end lors [&hellip;]<\/p>\n","protected":false},"author":9,"featured_media":0,"comment_status":"closed","ping_status":"closed","sticky":false,"template":"","format":"standard","meta":{"iawp_total_views":1},"categories":[24],"tags":[],"_links":{"self":[{"href":"https:\/\/fcliege.be\/fr\/wp-json\/wp\/v2\/posts\/8669"}],"collection":[{"href":"https:\/\/fcliege.be\/fr\/wp-json\/wp\/v2\/posts"}],"about":[{"href":"https:\/\/fcliege.be\/fr\/wp-json\/wp\/v2\/types\/post"}],"author":[{"embeddable":true,"href":"https:\/\/fcliege.be\/fr\/wp-json\/wp\/v2\/users\/9"}],"replies":[{"embeddable":true,"href":"https:\/\/fcliege.be\/fr\/wp-json\/wp\/v2\/comments?post=8669"}],"version-history":[{"count":2,"href":"https:\/\/fcliege.be\/fr\/wp-json\/wp\/v2\/posts\/8669\/revisions"}],"predecessor-version":[{"id":8672,"href":"https:\/\/fcliege.be\/fr\/wp-json\/wp\/v2\/posts\/8669\/revisions\/8672"}],"wp:attachment":[{"href":"https:\/\/fcliege.be\/fr\/wp-json\/wp\/v2\/media?parent=8669"}],"wp:term":[{"taxonomy":"category","embeddable":true,"href":"https:\/\/fcliege.be\/fr\/wp-json\/wp\/v2\/categories?post=8669"},{"taxonomy":"post_tag","embeddable":true,"href":"https:\/\/fcliege.be\/fr\/wp-json\/wp\/v2\/tags?post=8669"}],"curies":[{"name":"wp","href":"https:\/\/api.w.org\/{rel}","templated":true}]}}