{"id":8673,"date":"2017-01-06T10:00:13","date_gmt":"2017-01-06T09:00:13","guid":{"rendered":"http:\/\/fcliege.be\/fr\/?p=8673"},"modified":"2017-01-06T10:00:13","modified_gmt":"2017-01-06T09:00:13","slug":"cora-a-recu-dante-brogno","status":"publish","type":"post","link":"https:\/\/fcliege.be\/fr\/cora-a-recu-dante-brogno\/","title":{"rendered":"Cora a re\u00e7u Dante Brogno"},"content":{"rendered":"<p>Cora, notre nouveau partenaire, a re\u00e7u ce jeudi Dante Brogno et le journaliste de La Meuse, Jean-Pierre Dessouroux. La rencontre organis\u00e9e en prologue du choc de ce dimanche contre Ch\u00e2telet, s&rsquo;est d\u00e9roul\u00e9e au Caf\u00e9 Pino, dans la galerie commerciale du Cora, \u00e0 l&rsquo;initiative de Monsieur Debes, directeur alsacien du grand magasin qui occupe 400 personnes \u00e0 Rocourt, grand amateur de football devant l&rsquo;Eternel et supporter du FC Metz, du Borussia Dortmund et, d\u00e9sormais, du FC Li\u00e9geois.<\/p>\n<p>Monsieur Debes sera malheureusement absent dimanche mais le coup d&rsquo;envoi du match, patronn\u00e9 par Cora, sera donn\u00e9 par son adjoint, responsable du contr\u00f4le de gestion, Monsieur Renaud Croughs et Lise, sa petite fille de six ans.<\/p>\n<p>L&rsquo;interview de notre entra\u00eeneur est \u00e0 lire dans La Meuse de samedi.<\/p>\n","protected":false},"excerpt":{"rendered":"<p>Cora, notre nouveau partenaire, a re\u00e7u ce jeudi Dante Brogno et le journaliste de La Meuse, Jean-Pierre Dessouroux. La rencontre organis\u00e9e en prologue du choc de ce dimanche contre Ch\u00e2telet, s&rsquo;est d\u00e9roul\u00e9e au Caf\u00e9 Pino, dans la galerie commerciale du Cora, \u00e0 l&rsquo;initiative de Monsieur Debes, directeur alsacien du grand magasin qui occupe 400 personnes [&hellip;]<\/p>\n","protected":false},"author":4,"featured_media":0,"comment_status":"closed","ping_status":"closed","sticky":false,"template":"","format":"standard","meta":{"iawp_total_views":1},"categories":[1],"tags":[],"_links":{"self":[{"href":"https:\/\/fcliege.be\/fr\/wp-json\/wp\/v2\/posts\/8673"}],"collection":[{"href":"https:\/\/fcliege.be\/fr\/wp-json\/wp\/v2\/posts"}],"about":[{"href":"https:\/\/fcliege.be\/fr\/wp-json\/wp\/v2\/types\/post"}],"author":[{"embeddable":true,"href":"https:\/\/fcliege.be\/fr\/wp-json\/wp\/v2\/users\/4"}],"replies":[{"embeddable":true,"href":"https:\/\/fcliege.be\/fr\/wp-json\/wp\/v2\/comments?post=8673"}],"version-history":[{"count":1,"href":"https:\/\/fcliege.be\/fr\/wp-json\/wp\/v2\/posts\/8673\/revisions"}],"predecessor-version":[{"id":8674,"href":"https:\/\/fcliege.be\/fr\/wp-json\/wp\/v2\/posts\/8673\/revisions\/8674"}],"wp:attachment":[{"href":"https:\/\/fcliege.be\/fr\/wp-json\/wp\/v2\/media?parent=8673"}],"wp:term":[{"taxonomy":"category","embeddable":true,"href":"https:\/\/fcliege.be\/fr\/wp-json\/wp\/v2\/categories?post=8673"},{"taxonomy":"post_tag","embeddable":true,"href":"https:\/\/fcliege.be\/fr\/wp-json\/wp\/v2\/tags?post=8673"}],"curies":[{"name":"wp","href":"https:\/\/api.w.org\/{rel}","templated":true}]}}