{"id":8749,"date":"2017-01-14T07:19:43","date_gmt":"2017-01-14T06:19:43","guid":{"rendered":"http:\/\/fcliege.be\/fr\/?p=8749"},"modified":"2017-01-14T10:53:51","modified_gmt":"2017-01-14T09:53:51","slug":"les-voeux-du-president-pour-2017","status":"publish","type":"post","link":"https:\/\/fcliege.be\/fr\/les-voeux-du-president-pour-2017\/","title":{"rendered":"L&rsquo;interview du Pr\u00e9sident : les projets et objectifs pour 2017&#8230;"},"content":{"rendered":"<h5>C&rsquo;est dans une caf\u00e9t\u00e9ria surplombant un terrain totalement enneig\u00e9 que s&rsquo;est d\u00e9roul\u00e9 le drink de nouvel an\u00a0du RFC Li\u00e9ge. 2017 sera une ann\u00e9e pleine d&rsquo;\u00e9v\u00e9nements, d&rsquo;objectifs et de projets : le 125\u00e8me anniversaire, la mont\u00e9e esp\u00e9r\u00e9e en D1 amateurs et les premiers coups de pioche du nouveau stade.<\/h5>\n<p style=\"text-align: justify;\">Ce vendredi, le Pr\u00e9sident, Jean-Paul Lacomble, avait convi\u00e9 au traditionnel Drink de Nouvel an du RFC Li\u00e8ge l&rsquo;ensemble des partenaires, sponsors, entra\u00eeneurs, d\u00e9l\u00e9gu\u00e9s, parents Fair-Play, b\u00e9n\u00e9voles et staff du RFC Li\u00e8ge.<\/p>\n<p style=\"text-align: justify;\">Ce drink \u00e9tait avant tout l\u2019occasion de remercier les participants\u00a0pour les collaborations mises en place\u00a0durant l\u2019ann\u00e9e 2016 :\u00a0les\u00a0partenaires pour leur soutien et leur fid\u00e9lit\u00e9 \u00e0 nos couleurs, les\u00a0responsables politiques pour leur collaboration dans les nombreux dossiers qui nous occupent, les\u00a0forces de l\u2019ordre et les\u00a0stewards pour leur pr\u00e9sence et leur travail lors des matchs, \u00e0 domicile ou \u00e0 l\u2019ext\u00e9rieur et, enfin, les\u00a0entra\u00eeneurs, d\u00e9l\u00e9gu\u00e9s, parents Fair-Play et b\u00e9n\u00e9voles de tous les instants pour leur\u00a0disponibilit\u00e9 et l&rsquo;\u00e9nergie d\u00e9ploy\u00e9e pour assurer la vie active de notre club.<\/p>\n<p style=\"text-align: justify;\">Les\u00a0projets 2017 ont ensuite \u00e9t\u00e9 pr\u00e9sent\u00e9s et l&rsquo;objectif principal largement soulign\u00e9 : renforcer l\u2019esprit \u00ab\u00a0club\u00a0\u00bb et devenir, pour reprendre le leitmotiv d\u2019une autre \u00e9quipe rouge et bleu, <i>plus qu\u2019un club<\/i>.<br \/>\nParmi ces projets, l\u2019action \u00ab\u00a0Mon parrain, ce mod\u00e8le\u2026\u00a0\u00bb a \u00e9t\u00e9 lanc\u00e9e \u00e0 l&rsquo;occasion de notre souper de Saint-Nicolas. Par le biais de cette action, chaque cat\u00e9gorie de jeunes est d\u00e9sormais parrain\u00e9e par deux joueurs de l\u2019\u00e9quipe premi\u00e8re, ce qui permet \u00e0 nos jeunes de s\u2019identifier \u00e0 leurs a\u00een\u00e9s.<br \/>\nL\u2019action des ramasseurs de balle sera poursuivie en 2017, de m\u00eame que le projet Parent Fair-Play\u00a0particuli\u00e8rement cher au club pour les valeurs qu&rsquo;il v\u00e9hicule\u00a0:\u00a0un club citoyen !<br \/>\nCe sont \u00e9galement ces valeurs que le club\u00a0souhaite d\u00e9fendre par la cr\u00e9ation d\u2019une Ecole des devoirs qui verra le jour dans le courant de l\u2019ann\u00e9e.<br \/>\nEn 2017, l\u2019objectif sera \u00e9galement de ramener les jeunes au stade, notamment par des actions mises en place sp\u00e9cialement \u00e0 leur attention. Ces activit\u00e9s constitueront de nouvelles mani\u00e8res de dynamiser les rencontres, tout en resserrant les liens avec nos clubs de supporters.<br \/>\nAvec la m\u00eame volont\u00e9 de consolider l\u2019identit\u00e9 et l\u2019esprit rouge et bleu, le RFC Li\u00e8ge\u00a0fera de 2017 une ann\u00e9e de collaboration avec les\u00a0clubs fr\u00e8res que le club souhaite associer\u00a0\u00e0 ses\u00a0projets.<br \/>\nEnfin, comme les ann\u00e9es ant\u00e9rieures, le club\u00a0poursuivra \u00e9galement sa\u00a0collaboration avec le centre Croix Rouge, en mettant notamment \u00e0 disposition de ses r\u00e9sidents des places lors de matchs \u00e0 domicile.<\/p>\n<p style=\"text-align: justify;\">Sur le plan sportif, alors que l\u2019objectif pour notre \u00e9quipe premi\u00e8re est et reste clairement la mont\u00e9e, nous prolongerons le travail entam\u00e9 avec les jeunes. Un travail qui porte ses fruits au vu des r\u00e9sultats de ce d\u00e9but d\u2019ann\u00e9e : 2 victoires au Slijvo, \u00e0 l\u2019Indoor Cup, la Nike Cup sans compter les r\u00e9compenses individuelles d\u00e9cern\u00e9es \u00e0 nos entra\u00eeneurs et nos joueurs.<\/p>\n<p style=\"text-align: justify;\">Le Pr\u00e9sident a \u00e9galement abord\u00e9 la construction du nouveau stade dont le permis\u00a0devrait \u00eatre obtenu cette ann\u00e9e, ce qui permettrait de d\u00e9buter les travaux au plus tard l&rsquo;automne prochain.<\/p>\n<p style=\"text-align: justify;\">Enfin, gardons \u00e0 l&rsquo;esprit qu&rsquo;en\u00a02017, le RFC Li\u00e8ge f\u00eate son 125 \u00e8me anniversaire. De nombreuses activit\u00e9s rythmeront donc cette ann\u00e9e : \u00a0tournois, expositions, \u00e9dition d&rsquo;un livre, d\u00eener et matchs de gala, le tout dans une grande ferveur populaire.<\/p>\n<p style=\"text-align: justify;\">Retrouvez ci-dessous l&rsquo;interview du pr\u00e9sident Jean-Paul Lacomble sur tous ces sujets, interview r\u00e9alis\u00e9e par Alain Braibant.<\/p>\n<div class=\"embed\"><div class=\"video\"><iframe width=\"560\" height=\"315\" src=\"http:\/\/www.youtube.com\/embed\/m_25XtuM4QY\" frameborder=\"0\" allowfullscreen><\/iframe><\/div><\/div>\n","protected":false},"excerpt":{"rendered":"<p>C&rsquo;est dans une caf\u00e9t\u00e9ria surplombant un terrain totalement enneig\u00e9 que s&rsquo;est d\u00e9roul\u00e9 le drink de nouvel an\u00a0du RFC Li\u00e9ge. 2017 sera une ann\u00e9e pleine d&rsquo;\u00e9v\u00e9nements, d&rsquo;objectifs et de projets : le 125\u00e8me anniversaire, la mont\u00e9e esp\u00e9r\u00e9e en D1 amateurs et les premiers coups de pioche du nouveau stade. Ce vendredi, le Pr\u00e9sident, Jean-Paul Lacomble, avait [&hellip;]<\/p>\n","protected":false},"author":9,"featured_media":0,"comment_status":"closed","ping_status":"closed","sticky":false,"template":"","format":"video","meta":{"iawp_total_views":0},"categories":[24,27],"tags":[],"_links":{"self":[{"href":"https:\/\/fcliege.be\/fr\/wp-json\/wp\/v2\/posts\/8749"}],"collection":[{"href":"https:\/\/fcliege.be\/fr\/wp-json\/wp\/v2\/posts"}],"about":[{"href":"https:\/\/fcliege.be\/fr\/wp-json\/wp\/v2\/types\/post"}],"author":[{"embeddable":true,"href":"https:\/\/fcliege.be\/fr\/wp-json\/wp\/v2\/users\/9"}],"replies":[{"embeddable":true,"href":"https:\/\/fcliege.be\/fr\/wp-json\/wp\/v2\/comments?post=8749"}],"version-history":[{"count":7,"href":"https:\/\/fcliege.be\/fr\/wp-json\/wp\/v2\/posts\/8749\/revisions"}],"predecessor-version":[{"id":8756,"href":"https:\/\/fcliege.be\/fr\/wp-json\/wp\/v2\/posts\/8749\/revisions\/8756"}],"wp:attachment":[{"href":"https:\/\/fcliege.be\/fr\/wp-json\/wp\/v2\/media?parent=8749"}],"wp:term":[{"taxonomy":"category","embeddable":true,"href":"https:\/\/fcliege.be\/fr\/wp-json\/wp\/v2\/categories?post=8749"},{"taxonomy":"post_tag","embeddable":true,"href":"https:\/\/fcliege.be\/fr\/wp-json\/wp\/v2\/tags?post=8749"}],"curies":[{"name":"wp","href":"https:\/\/api.w.org\/{rel}","templated":true}]}}