{"id":9813,"date":"2017-08-04T10:50:10","date_gmt":"2017-08-04T09:50:10","guid":{"rendered":"http:\/\/fcliege.be\/fr\/?p=9813"},"modified":"2017-08-04T10:52:05","modified_gmt":"2017-08-04T09:52:05","slug":"deces-dalex-gregoire","status":"publish","type":"post","link":"https:\/\/fcliege.be\/fr\/deces-dalex-gregoire\/","title":{"rendered":"D\u00e9c\u00e8s d&rsquo;Alex Gr\u00e9goire"},"content":{"rendered":"<p>Il fut le tr\u00e9sorier du club sous l&rsquo;\u00e8re Yvan P\u00e2que-Edgar Hollange, dans les ann\u00e9es quatre-vingts, qui a co\u00efncid\u00e9 avec le retour en Coupe d&rsquo;Europe sous la houlette de Robert Waseige. Alex Gr\u00e9goire est d\u00e9c\u00e9d\u00e9 d&rsquo;un malaise cardiaque \u00e0 l&rsquo;\u00e2ge de 72 ans. C&rsquo;est un homme gentil, bon vivant et particuli\u00e8rement affable qui a rejoint le paradis rouge et bleu&#8230;<\/p>\n<p>La direction du RFC Li\u00e8ge adresse \u00e0 toute sa famille ses plus sinc\u00e8res condol\u00e9ances.<\/p>\n","protected":false},"excerpt":{"rendered":"<p>Il fut le tr\u00e9sorier du club sous l&rsquo;\u00e8re Yvan P\u00e2que-Edgar Hollange, dans les ann\u00e9es quatre-vingts, qui a co\u00efncid\u00e9 avec le retour en Coupe d&rsquo;Europe sous la houlette de Robert Waseige. Alex Gr\u00e9goire est d\u00e9c\u00e9d\u00e9 d&rsquo;un malaise cardiaque \u00e0 l&rsquo;\u00e2ge de 72 ans. C&rsquo;est un homme gentil, bon vivant et particuli\u00e8rement affable qui a rejoint le [&hellip;]<\/p>\n","protected":false},"author":4,"featured_media":0,"comment_status":"closed","ping_status":"closed","sticky":false,"template":"","format":"standard","meta":{"iawp_total_views":2},"categories":[1],"tags":[],"_links":{"self":[{"href":"https:\/\/fcliege.be\/fr\/wp-json\/wp\/v2\/posts\/9813"}],"collection":[{"href":"https:\/\/fcliege.be\/fr\/wp-json\/wp\/v2\/posts"}],"about":[{"href":"https:\/\/fcliege.be\/fr\/wp-json\/wp\/v2\/types\/post"}],"author":[{"embeddable":true,"href":"https:\/\/fcliege.be\/fr\/wp-json\/wp\/v2\/users\/4"}],"replies":[{"embeddable":true,"href":"https:\/\/fcliege.be\/fr\/wp-json\/wp\/v2\/comments?post=9813"}],"version-history":[{"count":2,"href":"https:\/\/fcliege.be\/fr\/wp-json\/wp\/v2\/posts\/9813\/revisions"}],"predecessor-version":[{"id":9815,"href":"https:\/\/fcliege.be\/fr\/wp-json\/wp\/v2\/posts\/9813\/revisions\/9815"}],"wp:attachment":[{"href":"https:\/\/fcliege.be\/fr\/wp-json\/wp\/v2\/media?parent=9813"}],"wp:term":[{"taxonomy":"category","embeddable":true,"href":"https:\/\/fcliege.be\/fr\/wp-json\/wp\/v2\/categories?post=9813"},{"taxonomy":"post_tag","embeddable":true,"href":"https:\/\/fcliege.be\/fr\/wp-json\/wp\/v2\/tags?post=9813"}],"curies":[{"name":"wp","href":"https:\/\/api.w.org\/{rel}","templated":true}]}}